{"id":965,"date":"2020-04-25T20:04:50","date_gmt":"2020-04-25T18:04:50","guid":{"rendered":"http:\/\/lisa.gallauner.at\/?p=965"},"modified":"2020-04-26T12:24:31","modified_gmt":"2020-04-26T10:24:31","slug":"meierhofers-8-fall-als-ebook-erhaeltlich","status":"publish","type":"post","link":"https:\/\/lisa.gallauner.at\/?p=965","title":{"rendered":"Meierhofers 8. Fall als eBook erh\u00e4ltlich!"},"content":{"rendered":"\n<p><img loading=\"lazy\" decoding=\"async\" class=\"alignleft  wp-image-976\" src=\"https:\/\/lisa.gallauner.at\/WordPress\/wp-content\/uploads\/2020\/04\/Teufelsbl\u00fcte-300x277.png\" alt=\"\" width=\"140\" height=\"130\" srcset=\"https:\/\/lisa.gallauner.at\/WordPress\/wp-content\/uploads\/2020\/04\/Teufelsbl\u00fcte-300x277.png 300w, https:\/\/lisa.gallauner.at\/WordPress\/wp-content\/uploads\/2020\/04\/Teufelsbl\u00fcte.png 332w\" sizes=\"auto, (max-width: 140px) 100vw, 140px\" \/>Endlich ist es soweit. &#8222;Teufelsbl\u00fcten&#8220;, Meierhofers 8. Fall, ist als eBook erh\u00e4ltlich. Wie lange es noch dauern wird, bis das Taschenbuch herauskommt, wei\u00df ich leider (aufgrund der momentanen Ausnahmesituation) noch nicht. Aber auch das Taschenbuch wird ganz sicher erscheinen.<\/p>\n<p>Selbst wenn wir &#8222;10 Jahre Meierhofer&#8220; gerade nicht so feiern k\u00f6nnen, wie das eigentlich geplant gewesen w\u00e4re, freut es mich sehr, dass der gem\u00fctliche Kriminalbeamte und sein Team nun bereits seit einem Jahrzehnt in der wundersch\u00f6nen Wachau ermitteln. Herzlichen Dank all jenen, die Meierhofer schon so lange die Treue halten und dieses Jubil\u00e4um damit erst m\u00f6glich gemacht haben.<br \/>Viel Spa\u00df und Spannung beim Lesen und bleiben Sie gesund!<br \/>Lisa Gallauner<\/p>\n","protected":false},"excerpt":{"rendered":"<p>Endlich ist es soweit. &#8222;Teufelsbl\u00fcten&#8220;, Meierhofers 8. Fall, ist als eBook erh\u00e4ltlich. Wie lange es noch dauern wird, bis das Taschenbuch herauskommt, wei\u00df ich leider (aufgrund der momentanen Ausnahmesituation) noch nicht. Aber auch das Taschenbuch wird ganz sicher erscheinen. Selbst wenn wir &#8222;10 Jahre Meierhofer&#8220; gerade nicht so feiern k\u00f6nnen, wie das eigentlich geplant gewesen [&hellip;]<\/p>\n","protected":false},"author":2,"featured_media":0,"comment_status":"closed","ping_status":"closed","sticky":false,"template":"","format":"standard","meta":{"footnotes":""},"categories":[1],"tags":[],"class_list":["post-965","post","type-post","status-publish","format-standard","hentry","category-allgemein"],"_links":{"self":[{"href":"https:\/\/lisa.gallauner.at\/index.php?rest_route=\/wp\/v2\/posts\/965","targetHints":{"allow":["GET"]}}],"collection":[{"href":"https:\/\/lisa.gallauner.at\/index.php?rest_route=\/wp\/v2\/posts"}],"about":[{"href":"https:\/\/lisa.gallauner.at\/index.php?rest_route=\/wp\/v2\/types\/post"}],"author":[{"embeddable":true,"href":"https:\/\/lisa.gallauner.at\/index.php?rest_route=\/wp\/v2\/users\/2"}],"replies":[{"embeddable":true,"href":"https:\/\/lisa.gallauner.at\/index.php?rest_route=%2Fwp%2Fv2%2Fcomments&post=965"}],"version-history":[{"count":4,"href":"https:\/\/lisa.gallauner.at\/index.php?rest_route=\/wp\/v2\/posts\/965\/revisions"}],"predecessor-version":[{"id":977,"href":"https:\/\/lisa.gallauner.at\/index.php?rest_route=\/wp\/v2\/posts\/965\/revisions\/977"}],"wp:attachment":[{"href":"https:\/\/lisa.gallauner.at\/index.php?rest_route=%2Fwp%2Fv2%2Fmedia&parent=965"}],"wp:term":[{"taxonomy":"category","embeddable":true,"href":"https:\/\/lisa.gallauner.at\/index.php?rest_route=%2Fwp%2Fv2%2Fcategories&post=965"},{"taxonomy":"post_tag","embeddable":true,"href":"https:\/\/lisa.gallauner.at\/index.php?rest_route=%2Fwp%2Fv2%2Ftags&post=965"}],"curies":[{"name":"wp","href":"https:\/\/api.w.org\/{rel}","templated":true}]}}