{"id":827,"date":"2017-07-06T19:17:48","date_gmt":"2017-07-06T17:17:48","guid":{"rendered":"http:\/\/lisa.gallauner.at\/?p=827"},"modified":"2018-03-05T11:04:19","modified_gmt":"2018-03-05T10:04:19","slug":"neue-lesezug-buecher","status":"publish","type":"post","link":"https:\/\/lisa.gallauner.at\/?p=827","title":{"rendered":"Neue Lesezug-B\u00fccher!"},"content":{"rendered":"<p><img loading=\"lazy\" decoding=\"async\" class=\"wp-image-819 alignleft\" src=\"https:\/\/lisa.gallauner.at\/WordPress\/wp-content\/uploads\/2013\/11\/Cover_LZ_Mein-grosses-Erstlese-Buch_Jungen_12cm-213x300.jpg\" alt=\"\" width=\"125\" height=\"176\" srcset=\"https:\/\/lisa.gallauner.at\/WordPress\/wp-content\/uploads\/2013\/11\/Cover_LZ_Mein-grosses-Erstlese-Buch_Jungen_12cm-213x300.jpg 213w, https:\/\/lisa.gallauner.at\/WordPress\/wp-content\/uploads\/2013\/11\/Cover_LZ_Mein-grosses-Erstlese-Buch_Jungen_12cm-768x1084.jpg 768w, https:\/\/lisa.gallauner.at\/WordPress\/wp-content\/uploads\/2013\/11\/Cover_LZ_Mein-grosses-Erstlese-Buch_Jungen_12cm-725x1024.jpg 725w, https:\/\/lisa.gallauner.at\/WordPress\/wp-content\/uploads\/2013\/11\/Cover_LZ_Mein-grosses-Erstlese-Buch_Jungen_12cm.jpg 1025w\" sizes=\"auto, (max-width: 125px) 100vw, 125px\" \/> <img loading=\"lazy\" decoding=\"async\" class=\"wp-image-818 alignleft\" src=\"https:\/\/lisa.gallauner.at\/WordPress\/wp-content\/uploads\/2013\/11\/Cover_LZ_Mein-grosses-Erstlese-Buch_Maedchen_12cm-214x300.jpg\" alt=\"\" width=\"125\" height=\"175\" srcset=\"https:\/\/lisa.gallauner.at\/WordPress\/wp-content\/uploads\/2013\/11\/Cover_LZ_Mein-grosses-Erstlese-Buch_Maedchen_12cm-214x300.jpg 214w, https:\/\/lisa.gallauner.at\/WordPress\/wp-content\/uploads\/2013\/11\/Cover_LZ_Mein-grosses-Erstlese-Buch_Maedchen_12cm-768x1079.jpg 768w, https:\/\/lisa.gallauner.at\/WordPress\/wp-content\/uploads\/2013\/11\/Cover_LZ_Mein-grosses-Erstlese-Buch_Maedchen_12cm-729x1024.jpg 729w, https:\/\/lisa.gallauner.at\/WordPress\/wp-content\/uploads\/2013\/11\/Cover_LZ_Mein-grosses-Erstlese-Buch_Maedchen_12cm.jpg 1009w\" sizes=\"auto, (max-width: 125px) 100vw, 125px\" \/> <img loading=\"lazy\" decoding=\"async\" class=\"wp-image-817 alignleft\" src=\"https:\/\/lisa.gallauner.at\/WordPress\/wp-content\/uploads\/2013\/11\/Cover_LZ-1Kl_Simon-Superheld_12cm-213x300.jpg\" alt=\"\" width=\"125\" height=\"176\" srcset=\"https:\/\/lisa.gallauner.at\/WordPress\/wp-content\/uploads\/2013\/11\/Cover_LZ-1Kl_Simon-Superheld_12cm-213x300.jpg 213w, https:\/\/lisa.gallauner.at\/WordPress\/wp-content\/uploads\/2013\/11\/Cover_LZ-1Kl_Simon-Superheld_12cm-768x1084.jpg 768w, https:\/\/lisa.gallauner.at\/WordPress\/wp-content\/uploads\/2013\/11\/Cover_LZ-1Kl_Simon-Superheld_12cm-725x1024.jpg 725w, https:\/\/lisa.gallauner.at\/WordPress\/wp-content\/uploads\/2013\/11\/Cover_LZ-1Kl_Simon-Superheld_12cm.jpg 1025w\" sizes=\"auto, (max-width: 125px) 100vw, 125px\" \/>Druckfrisch: Mein neues 1. Klasse-Lesezug-Buch <i>Simon Superheld<\/i>, das den kleinen LeserInnen zeigen soll, dass in jedem von uns ein Held schlummert. Au\u00dferdem auch die wundersch\u00f6nen Lesezug-Sammelb\u00e4nde, in denen, neben Geschichten anderer \u00f6sterreichischer AutorInnen, auch drei von mir zu finden sind. Viel Spa\u00df beim Lesen!<\/p>\n","protected":false},"excerpt":{"rendered":"<p>Druckfrisch: Mein neues 1. Klasse-Lesezug-Buch Simon Superheld, das den kleinen LeserInnen zeigen soll, dass in jedem von uns ein Held schlummert. Au\u00dferdem auch die wundersch\u00f6nen Lesezug-Sammelb\u00e4nde, in denen, neben Geschichten anderer \u00f6sterreichischer AutorInnen, auch drei von mir zu finden sind. Viel Spa\u00df beim Lesen!<\/p>\n","protected":false},"author":2,"featured_media":0,"comment_status":"closed","ping_status":"open","sticky":false,"template":"","format":"standard","meta":{"footnotes":""},"categories":[1],"tags":[],"class_list":["post-827","post","type-post","status-publish","format-standard","hentry","category-allgemein"],"_links":{"self":[{"href":"https:\/\/lisa.gallauner.at\/index.php?rest_route=\/wp\/v2\/posts\/827","targetHints":{"allow":["GET"]}}],"collection":[{"href":"https:\/\/lisa.gallauner.at\/index.php?rest_route=\/wp\/v2\/posts"}],"about":[{"href":"https:\/\/lisa.gallauner.at\/index.php?rest_route=\/wp\/v2\/types\/post"}],"author":[{"embeddable":true,"href":"https:\/\/lisa.gallauner.at\/index.php?rest_route=\/wp\/v2\/users\/2"}],"replies":[{"embeddable":true,"href":"https:\/\/lisa.gallauner.at\/index.php?rest_route=%2Fwp%2Fv2%2Fcomments&post=827"}],"version-history":[{"count":2,"href":"https:\/\/lisa.gallauner.at\/index.php?rest_route=\/wp\/v2\/posts\/827\/revisions"}],"predecessor-version":[{"id":829,"href":"https:\/\/lisa.gallauner.at\/index.php?rest_route=\/wp\/v2\/posts\/827\/revisions\/829"}],"wp:attachment":[{"href":"https:\/\/lisa.gallauner.at\/index.php?rest_route=%2Fwp%2Fv2%2Fmedia&parent=827"}],"wp:term":[{"taxonomy":"category","embeddable":true,"href":"https:\/\/lisa.gallauner.at\/index.php?rest_route=%2Fwp%2Fv2%2Fcategories&post=827"},{"taxonomy":"post_tag","embeddable":true,"href":"https:\/\/lisa.gallauner.at\/index.php?rest_route=%2Fwp%2Fv2%2Ftags&post=827"}],"curies":[{"name":"wp","href":"https:\/\/api.w.org\/{rel}","templated":true}]}}