{"id":805,"date":"2017-03-19T10:08:35","date_gmt":"2017-03-19T09:08:35","guid":{"rendered":"http:\/\/lisa.gallauner.at\/?p=805"},"modified":"2018-03-05T11:04:19","modified_gmt":"2018-03-05T10:04:19","slug":"erstpraesentation-moerderisch-fesch","status":"publish","type":"post","link":"https:\/\/lisa.gallauner.at\/?p=805","title":{"rendered":"Erstpr\u00e4sentation M\u00f6rderisch &#038; Fesch"},"content":{"rendered":"<p><img loading=\"lazy\" decoding=\"async\" class=\"wp-image-806 alignleft\" src=\"https:\/\/lisa.gallauner.at\/WordPress\/wp-content\/uploads\/2017\/03\/Foto-M\u00f6rderischFesch-183x300.jpg\" alt=\"\" width=\"148\" height=\"242\" srcset=\"https:\/\/lisa.gallauner.at\/WordPress\/wp-content\/uploads\/2017\/03\/Foto-M\u00f6rderischFesch-183x300.jpg 183w, https:\/\/lisa.gallauner.at\/WordPress\/wp-content\/uploads\/2017\/03\/Foto-M\u00f6rderischFesch-768x1256.jpg 768w, https:\/\/lisa.gallauner.at\/WordPress\/wp-content\/uploads\/2017\/03\/Foto-M\u00f6rderischFesch-626x1024.jpg 626w\" sizes=\"auto, (max-width: 148px) 100vw, 148px\" \/>Die Erstpr\u00e4sentation meines neuen Krimis <i>M\u00f6rderisch &amp; Fesch <\/i>findet am<\/p>\n<p><strong>Donnerstag, dem 27.04.2017, um 19:00<\/strong><\/p>\n<p><strong>in der Stadtb\u00fccherei &amp; Mediathek Krems<\/strong><\/p>\n<p>statt.<\/p>\n<p>Ich freue mich auf dein\/Ihr Kommen!<\/p>\n","protected":false},"excerpt":{"rendered":"<p>Die Erstpr\u00e4sentation meines neuen Krimis M\u00f6rderisch &amp; Fesch findet am Donnerstag, dem 27.04.2017, um 19:00 in der Stadtb\u00fccherei &amp; Mediathek Krems statt. Ich freue mich auf dein\/Ihr Kommen!<\/p>\n","protected":false},"author":2,"featured_media":0,"comment_status":"closed","ping_status":"open","sticky":false,"template":"","format":"standard","meta":{"footnotes":""},"categories":[1],"tags":[],"class_list":["post-805","post","type-post","status-publish","format-standard","hentry","category-allgemein"],"_links":{"self":[{"href":"https:\/\/lisa.gallauner.at\/index.php?rest_route=\/wp\/v2\/posts\/805","targetHints":{"allow":["GET"]}}],"collection":[{"href":"https:\/\/lisa.gallauner.at\/index.php?rest_route=\/wp\/v2\/posts"}],"about":[{"href":"https:\/\/lisa.gallauner.at\/index.php?rest_route=\/wp\/v2\/types\/post"}],"author":[{"embeddable":true,"href":"https:\/\/lisa.gallauner.at\/index.php?rest_route=\/wp\/v2\/users\/2"}],"replies":[{"embeddable":true,"href":"https:\/\/lisa.gallauner.at\/index.php?rest_route=%2Fwp%2Fv2%2Fcomments&post=805"}],"version-history":[{"count":2,"href":"https:\/\/lisa.gallauner.at\/index.php?rest_route=\/wp\/v2\/posts\/805\/revisions"}],"predecessor-version":[{"id":808,"href":"https:\/\/lisa.gallauner.at\/index.php?rest_route=\/wp\/v2\/posts\/805\/revisions\/808"}],"wp:attachment":[{"href":"https:\/\/lisa.gallauner.at\/index.php?rest_route=%2Fwp%2Fv2%2Fmedia&parent=805"}],"wp:term":[{"taxonomy":"category","embeddable":true,"href":"https:\/\/lisa.gallauner.at\/index.php?rest_route=%2Fwp%2Fv2%2Fcategories&post=805"},{"taxonomy":"post_tag","embeddable":true,"href":"https:\/\/lisa.gallauner.at\/index.php?rest_route=%2Fwp%2Fv2%2Ftags&post=805"}],"curies":[{"name":"wp","href":"https:\/\/api.w.org\/{rel}","templated":true}]}}