{"id":714,"date":"2016-05-06T10:58:10","date_gmt":"2016-05-06T08:58:10","guid":{"rendered":"http:\/\/lisa.gallauner.at\/?p=714"},"modified":"2018-03-05T11:04:19","modified_gmt":"2018-03-05T10:04:19","slug":"meierhofers-6-fall-erscheint-im-herbst","status":"publish","type":"post","link":"https:\/\/lisa.gallauner.at\/?p=714","title":{"rendered":"Meierhofers 6. Fall erscheint im Herbst!"},"content":{"rendered":"<p><img loading=\"lazy\" decoding=\"async\" class=\" wp-image-712 alignleft\" src=\"https:\/\/lisa.gallauner.at\/WordPress\/wp-content\/uploads\/2016\/05\/IMG-20151227-WA0007-300x180.jpg\" alt=\"IMG-20151227-WA0007\" width=\"183\" height=\"110\" srcset=\"https:\/\/lisa.gallauner.at\/WordPress\/wp-content\/uploads\/2016\/05\/IMG-20151227-WA0007-300x180.jpg 300w, https:\/\/lisa.gallauner.at\/WordPress\/wp-content\/uploads\/2016\/05\/IMG-20151227-WA0007-768x461.jpg 768w, https:\/\/lisa.gallauner.at\/WordPress\/wp-content\/uploads\/2016\/05\/IMG-20151227-WA0007-1024x614.jpg 1024w, https:\/\/lisa.gallauner.at\/WordPress\/wp-content\/uploads\/2016\/05\/IMG-20151227-WA0007.jpg 1600w\" sizes=\"auto, (max-width: 183px) 100vw, 183px\" \/>Meierhofers 6. Fall, <i>Teufelsbotschaft<\/i>, erscheint im Herbst. Sobald ich den Termin der Erstpr\u00e4sentation, die wie immer in der Stadtb\u00fccherei&amp;Mediathek Krems stattfinden wird, wei\u00df, wird er an dieser Stelle bekanntgegeben. Ich freue mich schon jetzt auf euer\/Ihr Kommen!<\/p>\n<p>P.S.: Au\u00dferdem arbeite ich momentan an einem ganz neuen Projekt f\u00fcr Erwachsene. So viel sei verraten: Es wird wieder kriminell. \ud83d\ude00<\/p>\n","protected":false},"excerpt":{"rendered":"<p>Meierhofers 6. Fall, Teufelsbotschaft, erscheint im Herbst. Sobald ich den Termin der Erstpr\u00e4sentation, die wie immer in der Stadtb\u00fccherei&amp;Mediathek Krems stattfinden wird, wei\u00df, wird er an dieser Stelle bekanntgegeben. Ich freue mich schon jetzt auf euer\/Ihr Kommen! P.S.: Au\u00dferdem arbeite ich momentan an einem ganz neuen Projekt f\u00fcr Erwachsene. So viel sei verraten: Es wird [&hellip;]<\/p>\n","protected":false},"author":2,"featured_media":0,"comment_status":"closed","ping_status":"open","sticky":false,"template":"","format":"standard","meta":{"footnotes":""},"categories":[1],"tags":[],"class_list":["post-714","post","type-post","status-publish","format-standard","hentry","category-allgemein"],"_links":{"self":[{"href":"https:\/\/lisa.gallauner.at\/index.php?rest_route=\/wp\/v2\/posts\/714","targetHints":{"allow":["GET"]}}],"collection":[{"href":"https:\/\/lisa.gallauner.at\/index.php?rest_route=\/wp\/v2\/posts"}],"about":[{"href":"https:\/\/lisa.gallauner.at\/index.php?rest_route=\/wp\/v2\/types\/post"}],"author":[{"embeddable":true,"href":"https:\/\/lisa.gallauner.at\/index.php?rest_route=\/wp\/v2\/users\/2"}],"replies":[{"embeddable":true,"href":"https:\/\/lisa.gallauner.at\/index.php?rest_route=%2Fwp%2Fv2%2Fcomments&post=714"}],"version-history":[{"count":4,"href":"https:\/\/lisa.gallauner.at\/index.php?rest_route=\/wp\/v2\/posts\/714\/revisions"}],"predecessor-version":[{"id":718,"href":"https:\/\/lisa.gallauner.at\/index.php?rest_route=\/wp\/v2\/posts\/714\/revisions\/718"}],"wp:attachment":[{"href":"https:\/\/lisa.gallauner.at\/index.php?rest_route=%2Fwp%2Fv2%2Fmedia&parent=714"}],"wp:term":[{"taxonomy":"category","embeddable":true,"href":"https:\/\/lisa.gallauner.at\/index.php?rest_route=%2Fwp%2Fv2%2Fcategories&post=714"},{"taxonomy":"post_tag","embeddable":true,"href":"https:\/\/lisa.gallauner.at\/index.php?rest_route=%2Fwp%2Fv2%2Ftags&post=714"}],"curies":[{"name":"wp","href":"https:\/\/api.w.org\/{rel}","templated":true}]}}